{"id":1727,"date":"2023-02-16T15:33:44","date_gmt":"2023-02-16T14:33:44","guid":{"rendered":"https:\/\/jazz.pm-advokatfirma.dk\/?p=1727"},"modified":"2023-03-28T19:24:58","modified_gmt":"2023-03-28T17:24:58","slug":"update-for-ejendomssektoren-i-tyskland-et-overblik","status":"publish","type":"post","link":"https:\/\/the13club.de\/da\/update-for-ejendomssektoren-i-tyskland-et-overblik\/","title":{"rendered":"Update for ejendomssektoren i Tyskland: Et overblik"},"content":{"rendered":"<div class=\"wpb-content-wrapper\"><p>[vc_row row_height_percent=&#8221;0&#8243; override_padding=&#8221;yes&#8221; h_padding=&#8221;2&#8243; top_padding=&#8221;5&#8243; bottom_padding=&#8221;5&#8243; overlay_alpha=&#8221;0&#8243; equal_height=&#8221;yes&#8221; gutter_size=&#8221;3&#8243; column_width_percent=&#8221;100&#8243; shift_y=&#8221;0&#8243; z_index=&#8221;0&#8243; bottom_divider=&#8221;gradient&#8221; el_class=&#8221;row-letaral section-lateral row-horizontal-display overflow-hidden shape-bg additions&#8221;][vc_column column_width_use_pixel=&#8221;yes&#8221; position_vertical=&#8221;middle&#8221; align_horizontal=&#8221;align_center&#8221; gutter_size=&#8221;3&#8243; overlay_alpha=&#8221;50&#8243; shift_x=&#8221;0&#8243; shift_y=&#8221;0&#8243; shift_y_down=&#8221;0&#8243; z_index=&#8221;0&#8243; medium_width=&#8221;0&#8243; mobile_width=&#8221;0&#8243; width=&#8221;1\/1&#8243;][vc_row_inner row_inner_height_percent=&#8221;0&#8243; overlay_alpha=&#8221;50&#8243; gutter_size=&#8221;3&#8243; shift_y=&#8221;0&#8243; z_index=&#8221;0&#8243;][vc_column_inner column_width_use_pixel=&#8221;yes&#8221; align_horizontal=&#8221;align_center&#8221; gutter_size=&#8221;2&#8243; overlay_alpha=&#8221;50&#8243; shift_x=&#8221;0&#8243; shift_y=&#8221;0&#8243; shift_y_down=&#8221;0&#8243; z_index=&#8221;0&#8243; medium_width=&#8221;0&#8243; mobile_width=&#8221;0&#8243; width=&#8221;1\/1&#8243; column_width_pixel=&#8221;800&#8243;][vc_custom_heading uncode_shortcode_id=&#8221;410830&#8243;]Update for ejendomssektoren i Tyskland: Et overblik[\/vc_custom_heading][vc_column_text text_lead=&#8221;yes&#8221; uncode_shortcode_id=&#8221;117200&#8243;]I det nye \u00e5r er der igen nogle \u00e6ndringer at forvente for ejere og udlejere af fast ejendom i Tyskland. Vi vil gerne give dig et kort overblik.[\/vc_column_text][\/vc_column_inner][\/vc_row_inner][vc_empty_space empty_h=&#8221;2&#8243;][vc_row_inner row_inner_height_percent=&#8221;0&#8243; overlay_alpha=&#8221;100&#8243; gutter_size=&#8221;4&#8243; shift_y=&#8221;0&#8243; z_index=&#8221;0&#8243;][vc_column_inner column_width_percent=&#8221;100&#8243; gutter_size=&#8221;3&#8243; overlay_alpha=&#8221;100&#8243; shift_x=&#8221;0&#8243; shift_y=&#8221;0&#8243; z_index=&#8221;0&#8243; medium_width=&#8221;2&#8243; align_mobile=&#8221;align_center_mobile&#8221; mobile_width=&#8221;0&#8243; zoom_width=&#8221;0&#8243; zoom_height=&#8221;0&#8243; width=&#8221;1\/2&#8243;][vc_custom_heading heading_semantic=&#8221;h3&#8243; text_size=&#8221;h4&#8243; sub_reduced=&#8221;yes&#8221; subheading=&#8221;V\u00e6rdians\u00e6ttelsen af fast ejendom blev \u00e6ndret med \u00e5rsskatteloven 2022. Overdragelsen af fast ejendom kan blive dyrere, da v\u00e6rdians\u00e6ttelsesloven (BewG) \u00e6ndres med hensyn til arve- og gaveafgift. G\u00e6lder for v\u00e6rdians\u00e6ttelsesdatoer fra den 31.12.2022. Navnlig tilpasses ejendomsrentesatserne og v\u00e6rditallene for formuev\u00e6rdiprocedure til det aktuelle markedsniveau. Justeringerne kan f\u00f8re til en stigning i gave- og arveafgiften ved overdragelse af fritliggende enfamiliehuse og dobbelthuse samt ejerlejligheder, for s\u00e5 vidt som formuev\u00e6rdimetoden er relevant i det enkelte tilf\u00e6lde. De skattefrie bel\u00f8b blev ikke justeret.&#8221; uncode_shortcode_id=&#8221;192232&#8243;]<\/p>\n<p class=\"reader-text-block__paragraph\"><strong>Arv af fast ejendom vil blive dyrere<\/strong><\/p>\n<p>[\/vc_custom_heading][\/vc_column_inner][vc_column_inner column_width_percent=&#8221;100&#8243; gutter_size=&#8221;3&#8243; overlay_alpha=&#8221;100&#8243; shift_x=&#8221;0&#8243; shift_y=&#8221;0&#8243; z_index=&#8221;0&#8243; medium_width=&#8221;2&#8243; align_mobile=&#8221;align_center_mobile&#8221; mobile_width=&#8221;0&#8243; zoom_width=&#8221;0&#8243; zoom_height=&#8221;0&#8243; width=&#8221;1\/2&#8243;][vc_custom_heading heading_semantic=&#8221;h3&#8243; text_size=&#8221;h4&#8243; sub_reduced=&#8221;yes&#8221; subheading=&#8221;Den line\u00e6re AfA-sats for afskrivning af boligbygninger blev forh\u00f8jet fra to til tre procent fra den 1.1.2023. Dette g\u00e6lder allerede for boliger, der er f\u00e6rdigbygget fra januar 2023, og ikke f\u00f8rst &#8211; som oprindeligt planlagt &#8211; efter den 30.6.2023. I en begr\u00e6nset periode skal der indf\u00f8res et s\u00e6rligt afskrivningsfradrag, hvormed fem procent af byggeomkostningerne for nyopf\u00f8rte lejeboliger med energibygningsstandard &#8220;Effizienzhaus 40&#8220; (EH40\/QNG) inden for fire \u00e5r kan fradrages skattem\u00e6ssigt inden for bestemte gr\u00e6nser.&#8221; uncode_shortcode_id=&#8221;198630&#8243;]<\/p>\n<p class=\"reader-text-block__paragraph\"><strong>Line\u00e6r afskrivning: Sats forh\u00f8jet fra to til tre procent<\/strong><\/p>\n<p>[\/vc_custom_heading][\/vc_column_inner][\/vc_row_inner][vc_row_inner row_inner_height_percent=&#8221;0&#8243; overlay_alpha=&#8221;100&#8243; gutter_size=&#8221;4&#8243; shift_y=&#8221;0&#8243; z_index=&#8221;0&#8243;][vc_column_inner column_width_percent=&#8221;100&#8243; gutter_size=&#8221;3&#8243; overlay_alpha=&#8221;100&#8243; shift_x=&#8221;0&#8243; shift_y=&#8221;0&#8243; z_index=&#8221;0&#8243; medium_width=&#8221;2&#8243; align_mobile=&#8221;align_center_mobile&#8221; mobile_width=&#8221;0&#8243; zoom_width=&#8221;0&#8243; zoom_height=&#8221;0&#8243; width=&#8221;1\/2&#8243;][vc_custom_heading heading_semantic=&#8221;h3&#8243; text_size=&#8221;h4&#8243; sub_reduced=&#8221;yes&#8221; subheading=&#8221;Forbundsr\u00e5det har godkendt den \u00e5rlige skattelov 2022 med \u00e6ndringer for solcelleanl\u00e6g. Operat\u00f8rer af sm\u00e5 anl\u00e6g skal fritages for indkomstskat, og k\u00f8bet vil fremover v\u00e6re momsfrit &#8211; og der vil v\u00e6re en ny momssats p\u00e5 nul procent. Der er mulighed for skattelettelser for sm\u00e5 solcelleanl\u00e6g med en effekt p\u00e5 30 kilowatt peak (kWp). Allerede i 2022 vil indt\u00e6gter for s\u00e5danne installationer p\u00e5 ejerboliger og lejlighedsbygninger v\u00e6re fritaget for indkomstskat. Fra 2023 vil oms\u00e6tningsafgiften ogs\u00e5 blive reduceret til nul.&#8221; uncode_shortcode_id=&#8221;659435&#8243;]<\/p>\n<p class=\"reader-text-block__paragraph\"><strong>Solcelleanl\u00e6g: Skattelettelser for sm\u00e5 anl\u00e6g<\/strong><\/p>\n<p>[\/vc_custom_heading][\/vc_column_inner][vc_column_inner column_width_percent=&#8221;100&#8243; gutter_size=&#8221;3&#8243; overlay_alpha=&#8221;100&#8243; shift_x=&#8221;0&#8243; shift_y=&#8221;0&#8243; z_index=&#8221;0&#8243; medium_width=&#8221;2&#8243; align_mobile=&#8221;align_center_mobile&#8221; mobile_width=&#8221;0&#8243; zoom_width=&#8221;0&#8243; zoom_height=&#8221;0&#8243; width=&#8221;1\/2&#8243;][vc_custom_heading heading_semantic=&#8221;h3&#8243; text_size=&#8221;h4&#8243; sub_reduced=&#8221;yes&#8221; subheading=&#8221;Fra den 1. december 2023 kan ejerlejlighedsejere kr\u00e6ve, at der udpeges en certificeret administrator. Lederen skal freml\u00e6gge et kompetencebevis eller freml\u00e6gge dokumentation for passende uddannelse og kvalifikationer. Oprindeligt skulle dette g\u00e6lde fra den 1. december 2022. Administratorer, der allerede var udpeget den 1. december 2020, anses for at v\u00e6re certificeret indtil den 1. juni 2024.&#8221; uncode_shortcode_id=&#8221;127254&#8243;]<\/p>\n<p class=\"reader-text-block__paragraph\"><strong>Certificeret WEG-administrator pr. december 2023<\/strong><\/p>\n<p>[\/vc_custom_heading][\/vc_column_inner][\/vc_row_inner][vc_row_inner row_inner_height_percent=&#8221;0&#8243; overlay_alpha=&#8221;100&#8243; gutter_size=&#8221;4&#8243; shift_y=&#8221;0&#8243; z_index=&#8221;0&#8243;][vc_column_inner column_width_percent=&#8221;100&#8243; gutter_size=&#8221;3&#8243; overlay_alpha=&#8221;100&#8243; shift_x=&#8221;0&#8243; shift_y=&#8221;0&#8243; z_index=&#8221;0&#8243; medium_width=&#8221;2&#8243; align_mobile=&#8221;align_center_mobile&#8221; mobile_width=&#8221;0&#8243; zoom_width=&#8221;0&#8243; zoom_height=&#8221;0&#8243; width=&#8221;1\/2&#8243;][vc_custom_heading heading_semantic=&#8221;h3&#8243; text_size=&#8221;h4&#8243; sub_reduced=&#8221;yes&#8221; subheading=&#8221;Betingelserne for skatteincitamenter for nye varmeanl\u00e6g i ejerboliger \u00e6ndres fra den 1. januar 2023 &#8211; bonussen for gasvarmeanl\u00e6g i henhold til \u00a7 35c EStG afskaffes. Der er tekniske minimumskrav til alle energiforanstaltninger, som er beskrevet i &#8220;Bekendtg\u00f8relse om fasts\u00e6ttelse af minimumskrav til energiforanstaltninger i bygninger til beboelse i henhold til \u00a7 35c i den tyske indkomstskattelov.&#8221; uncode_shortcode_id=&#8221;100674&#8243;]<\/p>\n<p class=\"reader-text-block__paragraph\"><strong>Bonus for gasvarmeanl\u00e6g i henhold til \u00a7 35c EStG bortfalder<\/strong><\/p>\n<p>[\/vc_custom_heading][\/vc_column_inner][vc_column_inner column_width_percent=&#8221;100&#8243; gutter_size=&#8221;3&#8243; overlay_alpha=&#8221;100&#8243; shift_x=&#8221;0&#8243; shift_y=&#8221;0&#8243; z_index=&#8221;0&#8243; medium_width=&#8221;2&#8243; align_mobile=&#8221;align_center_mobile&#8221; mobile_width=&#8221;0&#8243; zoom_width=&#8221;0&#8243; zoom_height=&#8221;0&#8243; width=&#8221;1\/2&#8243;][vc_custom_heading heading_semantic=&#8221;h3&#8243; text_size=&#8221;h4&#8243; sub_reduced=&#8221;yes&#8221; subheading=&#8221;Senest den 30. september 2023 skal gascentralvarmeanl\u00e6g v\u00e6re hydraulisk afstemt i beboelsesejendomme med mindst ti enheder &#8211; for andre bygninger g\u00e6lder dette fra et areal p\u00e5 mere end 1.000 kvadratmeter varmeflade. Indtil den 15.9.2024 g\u00e6lder forpligtelsen ogs\u00e5 for boligbygninger med seks eller flere enheder.&#8221; uncode_shortcode_id=&#8221;933284&#8243;]<\/p>\n<p class=\"reader-text-block__paragraph\"><strong>Centralvarme p\u00e5 gas: Obligatorisk hydraulisk afbalancering<\/strong><\/p>\n<p>[\/vc_custom_heading][\/vc_column_inner][\/vc_row_inner][vc_row_inner row_inner_height_percent=&#8221;0&#8243; overlay_alpha=&#8221;100&#8243; gutter_size=&#8221;4&#8243; shift_y=&#8221;0&#8243; z_index=&#8221;0&#8243;][vc_column_inner column_width_percent=&#8221;100&#8243; gutter_size=&#8221;3&#8243; overlay_alpha=&#8221;100&#8243; shift_x=&#8221;0&#8243; shift_y=&#8221;0&#8243; z_index=&#8221;0&#8243; medium_width=&#8221;2&#8243; align_mobile=&#8221;align_center_mobile&#8221; mobile_width=&#8221;0&#8243; zoom_width=&#8221;0&#8243; zoom_height=&#8221;0&#8243; width=&#8221;1\/2&#8243;][vc_custom_heading heading_semantic=&#8221;h3&#8243; text_size=&#8221;h4&#8243; sub_reduced=&#8221;yes&#8221; subheading=&#8221;Loven om bygningsenergi (GEG) tr\u00e5dte i kraft den 1. november 2020. En yderligere \u00e6ndring tr\u00e5dte i kraft den 1. januar 2023 (neds\u00e6ttelse af det tilladte \u00e5rlige prim\u00e6renergiforbrug i nye bygninger fra de tidligere 75 % af referencebygningen til 55 %). De planlagte h\u00f8jere krav til varmeisolering vil ikke blive gennemf\u00f8rt forel\u00f8big. Der er imidlertid blevet bebudet yderligere stramninger for 2024, herunder en solcelleforpligtelse. Der er planlagt en st\u00f8rre \u00e6ndring af GEG i 2025, som meddelt af det f\u00f8derale arkitektkammer (BAK). GEG indeholder krav til bygningers energikvalitet, udarbejdelse og anvendelse af energiattester og anvendelse af vedvarende energi i bygninger.&#8221; uncode_shortcode_id=&#8221;956879&#8243;]<\/p>\n<p class=\"reader-text-block__paragraph\"><strong>GEG-\u00e6ndring: stramning skridt for skridt<\/strong><\/p>\n<p>[\/vc_custom_heading][\/vc_column_inner][vc_column_inner column_width_percent=&#8221;100&#8243; gutter_size=&#8221;3&#8243; overlay_alpha=&#8221;100&#8243; shift_x=&#8221;0&#8243; shift_y=&#8221;0&#8243; z_index=&#8221;0&#8243; medium_width=&#8221;2&#8243; align_mobile=&#8221;align_center_mobile&#8221; mobile_width=&#8221;0&#8243; zoom_width=&#8221;0&#8243; zoom_height=&#8221;0&#8243; width=&#8221;1\/2&#8243;][vc_custom_heading heading_semantic=&#8221;h3&#8243; text_size=&#8221;h4&#8243; sub_reduced=&#8221;yes&#8221; subheading=&#8221;Reformen af det f\u00f8derale tilskud til energieffektive bygninger (BEG) tr\u00e5dte i kraft den 1. januar 2023. Med \u00e6ndringerne indf\u00f8res der ogs\u00e5 en ny bonus p\u00e5 15 procentpoint for seriel renovering. Det betyder, at der g\u00e6lder nye betingelser for renovering til standarden for energieffektive huse. \u00c6ndringerne medf\u00f8rer ogs\u00e5 en ny bonus for seriel renovering.&#8221; uncode_shortcode_id=&#8221;130782&#8243;]<\/p>\n<p class=\"reader-text-block__paragraph\"><strong>BEG-reformen er tr\u00e5dt i kraft<\/strong><\/p>\n<p>[\/vc_custom_heading][\/vc_column_inner][\/vc_row_inner][vc_row_inner row_inner_height_percent=&#8221;0&#8243; overlay_alpha=&#8221;100&#8243; gutter_size=&#8221;4&#8243; shift_y=&#8221;0&#8243; z_index=&#8221;0&#8243;][vc_column_inner column_width_percent=&#8221;100&#8243; gutter_size=&#8221;3&#8243; overlay_alpha=&#8221;100&#8243; shift_x=&#8221;0&#8243; shift_y=&#8221;0&#8243; z_index=&#8221;0&#8243; medium_width=&#8221;2&#8243; align_mobile=&#8221;align_center_mobile&#8221; mobile_width=&#8221;0&#8243; zoom_width=&#8221;0&#8243; zoom_height=&#8221;0&#8243; width=&#8221;1\/2&#8243;][vc_custom_heading heading_semantic=&#8221;h3&#8243; text_size=&#8221;h4&#8243; sub_reduced=&#8221;yes&#8221; subheading=&#8221;En separat finansieringsretningslinje for &#8220;klimavenlige bygninger&#8220; forventes at f\u00f8lge den 1. marts 2023. S\u00e6rligt b\u00e6redygtige boligbyggerier st\u00f8ttes via l\u00e5n til nedsat rente med et maksimalt tilskud p\u00e5 150 000 euro pr. enhed. For klimavenlige boligbygninger uden b\u00e6redygtighedsm\u00e6rke kan der s\u00f8ges om op til 100 000 euro pr. bolig. Rentesatsneds\u00e6ttelsen d\u00e6mper s\u00e5ledes rentebyrden med op til fire procent om \u00e5ret, m\u00e5lt i forhold til almindelige markedsvilk\u00e5r.&#8221; uncode_shortcode_id=&#8221;186959&#8243;]<\/p>\n<p class=\"reader-text-block__paragraph\"><strong>Tilskud til nye bygninger: Direktivet tr\u00e6der i kraft fra marts 2023<\/strong><\/p>\n<p>[\/vc_custom_heading][\/vc_column_inner][vc_column_inner column_width_percent=&#8221;100&#8243; gutter_size=&#8221;3&#8243; overlay_alpha=&#8221;100&#8243; shift_x=&#8221;0&#8243; shift_y=&#8221;0&#8243; z_index=&#8221;0&#8243; medium_width=&#8221;2&#8243; align_mobile=&#8221;align_center_mobile&#8221; mobile_width=&#8221;0&#8243; zoom_width=&#8221;0&#8243; zoom_height=&#8221;0&#8243; width=&#8221;1\/2&#8243;][vc_custom_heading heading_semantic=&#8221;h3&#8243; text_size=&#8221;h4&#8243; sub_reduced=&#8221;yes&#8221; subheading=&#8221;Loven om CO2-omkostningsfordeling tr\u00e5dte i kraft den 1. januar 2023. Der g\u00e6lder en gradueret model: Jo bedre energieffektivitet i bygningen, jo mindre er udlejers andel og omvendt. Indtil nu har lejerne betalt alene. Udlejerne vil fremover v\u00e6re forpligtet til at videregive de oplysninger fra varmeregningen eller br\u00e6ndselsregningen, som anvendes til at bestemme, hvordan CO2-prisen fordeles.&#8221; uncode_shortcode_id=&#8221;128378&#8243;]<\/p>\n<p class=\"reader-text-block__paragraph\"><strong>CO2-omkostninger: Udlejers andel og administratorens forpligtelser<\/strong><\/p>\n<p>[\/vc_custom_heading][\/vc_column_inner][\/vc_row_inner][vc_column_text text_lead=&#8221;yes&#8221; uncode_shortcode_id=&#8221;129657&#8243;]Ejendomsmarkedet i Tyskland vil fortsat v\u00e6re sp\u00e6ndende i 2023. Hvis du har sp\u00f8rgsm\u00e5l om investering i fast ejendom i Tyskland eller juridiske sp\u00f8rgsm\u00e5l om allerede eksisterende ejendomme, er du velkommen til at kontakte os.<br \/>\n#pm-advokatfirma<br \/>\nVi svarer p\u00e5 sp\u00f8rgsm\u00e5l, som du endnu ikke har t\u00e6nkt p\u00e5![\/vc_column_text][\/vc_column][\/vc_row]<\/p>\n<\/div>","protected":false},"excerpt":{"rendered":"<p>[vc_row row_height_percent=&#8221;0&#8243; override_padding=&#8221;yes&#8221; h_padding=&#8221;2&#8243; top_padding=&#8221;5&#8243; bottom_padding=&#8221;5&#8243; overlay_alpha=&#8221;0&#8243; equal_height=&#8221;yes&#8221; gutter_size=&#8221;3&#8243; column_width_percent=&#8221;100&#8243; shift_y=&#8221;0&#8243; z_index=&#8221;0&#8243; bottom_divider=&#8221;gradient&#8221; el_class=&#8221;row-letaral section-lateral row-horizontal-display overflow-hidden shape-bg additions&#8221;][vc_column column_width_use_pixel=&#8221;yes&#8221; [&hellip;]<\/p>\n","protected":false},"author":1,"featured_media":1731,"comment_status":"open","ping_status":"open","sticky":false,"template":"","format":"standard","meta":{"footnotes":""},"categories":[19],"tags":[],"class_list":["post-1727","post","type-post","status-publish","format-standard","has-post-thumbnail","hentry","category-uncategorized-da"],"_links":{"self":[{"href":"https:\/\/the13club.de\/da\/wp-json\/wp\/v2\/posts\/1727"}],"collection":[{"href":"https:\/\/the13club.de\/da\/wp-json\/wp\/v2\/posts"}],"about":[{"href":"https:\/\/the13club.de\/da\/wp-json\/wp\/v2\/types\/post"}],"author":[{"embeddable":true,"href":"https:\/\/the13club.de\/da\/wp-json\/wp\/v2\/users\/1"}],"replies":[{"embeddable":true,"href":"https:\/\/the13club.de\/da\/wp-json\/wp\/v2\/comments?post=1727"}],"version-history":[{"count":7,"href":"https:\/\/the13club.de\/da\/wp-json\/wp\/v2\/posts\/1727\/revisions"}],"predecessor-version":[{"id":1737,"href":"https:\/\/the13club.de\/da\/wp-json\/wp\/v2\/posts\/1727\/revisions\/1737"}],"wp:featuredmedia":[{"embeddable":true,"href":"https:\/\/the13club.de\/da\/wp-json\/wp\/v2\/media\/1731"}],"wp:attachment":[{"href":"https:\/\/the13club.de\/da\/wp-json\/wp\/v2\/media?parent=1727"}],"wp:term":[{"taxonomy":"category","embeddable":true,"href":"https:\/\/the13club.de\/da\/wp-json\/wp\/v2\/categories?post=1727"},{"taxonomy":"post_tag","embeddable":true,"href":"https:\/\/the13club.de\/da\/wp-json\/wp\/v2\/tags?post=1727"}],"curies":[{"name":"wp","href":"https:\/\/api.w.org\/{rel}","templated":true}]}}